{"id":328,"date":"2014-11-17T18:10:44","date_gmt":"2014-11-17T17:10:44","guid":{"rendered":"http:\/\/kopel.eu\/?p=328"},"modified":"2014-11-17T18:11:25","modified_gmt":"2014-11-17T17:11:25","slug":"szanowni-wyborcy","status":"publish","type":"post","link":"http:\/\/kopel.eu\/?p=328","title":{"rendered":"Szanowni Wyborcy!"},"content":{"rendered":"<p><strong>Wszystkim, kt\u00f3rzy w niedziel\u0119 oddali g\u0142osy na naszych kandydat\u00f3w serdecznie dzi\u0119kujemy.\u00a0Dzi\u0119kujemy za poparcie, za g\u0142osy oraz za wszystkie spotkania i rozmowy w czasie kampanii wyborczej.<\/strong><!--more-->Z naszego ugrupowania do nowej Rady Miasta zostali wybrani: Mariola <strong>Roleder<\/strong>, Adam <strong>Trzebinczyk<\/strong>, Marek <strong>Kopel<\/strong>, Marek <strong>Otte<\/strong>, Marek <strong>Dudek<\/strong>,Tomasz <strong>Krawczyk<\/strong>, Marian <strong>Salwiczek<\/strong>, Halina <strong>Hiltawska.<\/strong><\/p>\n","protected":false},"excerpt":{"rendered":"<p>Wszystkim, kt\u00f3rzy w niedziel\u0119 oddali g\u0142osy na naszych kandydat\u00f3w serdecznie dzi\u0119kujemy.\u00a0Dzi\u0119kujemy za poparcie, za g\u0142osy oraz za wszystkie spotkania i rozmowy w czasie kampanii wyborczej.<\/p>\n","protected":false},"author":2,"featured_media":184,"comment_status":"closed","ping_status":"closed","sticky":false,"template":"","format":"standard","meta":{"footnotes":""},"categories":[1],"tags":[],"class_list":["post-328","post","type-post","status-publish","format-standard","has-post-thumbnail","hentry","category-bez-kategorii"],"yoast_head":"<!-- This site is optimized with the Yoast SEO plugin v23.0 - https:\/\/yoast.com\/wordpress\/plugins\/seo\/ -->\n<title>Szanowni Wyborcy! - Marek Kopel<\/title>\n<meta name=\"robots\" content=\"index, follow, max-snippet:-1, max-image-preview:large, max-video-preview:-1\" \/>\n<link rel=\"canonical\" href=\"http:\/\/kopel.eu\/?p=328\" \/>\n<meta property=\"og:locale\" content=\"pl_PL\" \/>\n<meta property=\"og:type\" content=\"article\" \/>\n<meta property=\"og:title\" content=\"Szanowni Wyborcy! - Marek Kopel\" \/>\n<meta property=\"og:description\" content=\"Wszystkim, kt\u00f3rzy w niedziel\u0119 oddali g\u0142osy na naszych kandydat\u00f3w serdecznie dzi\u0119kujemy.\u00a0Dzi\u0119kujemy za poparcie, za g\u0142osy oraz za wszystkie spotkania i rozmowy w czasie kampanii wyborczej.\" \/>\n<meta property=\"og:url\" content=\"http:\/\/kopel.eu\/?p=328\" \/>\n<meta property=\"og:site_name\" content=\"Marek Kopel\" \/>\n<meta property=\"article:published_time\" content=\"2014-11-17T17:10:44+00:00\" \/>\n<meta property=\"article:modified_time\" content=\"2014-11-17T17:11:25+00:00\" \/>\n<meta property=\"og:image\" content=\"http:\/\/kopel.eu\/wp-content\/uploads\/2014\/09\/pierwszy.jpg\" \/>\n\t<meta property=\"og:image:width\" content=\"882\" \/>\n\t<meta property=\"og:image:height\" content=\"280\" \/>\n\t<meta property=\"og:image:type\" content=\"image\/jpeg\" \/>\n<meta name=\"author\" content=\"Dariusz Mierzwa\" \/>\n<meta name=\"twitter:card\" content=\"summary_large_image\" \/>\n<meta name=\"twitter:label1\" content=\"Napisane przez\" \/>\n\t<meta name=\"twitter:data1\" content=\"Dariusz Mierzwa\" \/>\n<script type=\"application\/ld+json\" class=\"yoast-schema-graph\">{\"@context\":\"https:\/\/schema.org\",\"@graph\":[{\"@type\":\"WebPage\",\"@id\":\"http:\/\/kopel.eu\/?p=328\",\"url\":\"http:\/\/kopel.eu\/?p=328\",\"name\":\"Szanowni Wyborcy! - Marek Kopel\",\"isPartOf\":{\"@id\":\"http:\/\/kopel.eu\/#website\"},\"primaryImageOfPage\":{\"@id\":\"http:\/\/kopel.eu\/?p=328#primaryimage\"},\"image\":{\"@id\":\"http:\/\/kopel.eu\/?p=328#primaryimage\"},\"thumbnailUrl\":\"http:\/\/kopel.eu\/wp-content\/uploads\/2014\/09\/pierwszy.jpg\",\"datePublished\":\"2014-11-17T17:10:44+00:00\",\"dateModified\":\"2014-11-17T17:11:25+00:00\",\"author\":{\"@id\":\"http:\/\/kopel.eu\/#\/schema\/person\/419fe9f9f9134aa63b4d5381905cc6a3\"},\"breadcrumb\":{\"@id\":\"http:\/\/kopel.eu\/?p=328#breadcrumb\"},\"inLanguage\":\"pl-PL\",\"potentialAction\":[{\"@type\":\"ReadAction\",\"target\":[\"http:\/\/kopel.eu\/?p=328\"]}]},{\"@type\":\"ImageObject\",\"inLanguage\":\"pl-PL\",\"@id\":\"http:\/\/kopel.eu\/?p=328#primaryimage\",\"url\":\"http:\/\/kopel.eu\/wp-content\/uploads\/2014\/09\/pierwszy.jpg\",\"contentUrl\":\"http:\/\/kopel.eu\/wp-content\/uploads\/2014\/09\/pierwszy.jpg\",\"width\":882,\"height\":280},{\"@type\":\"BreadcrumbList\",\"@id\":\"http:\/\/kopel.eu\/?p=328#breadcrumb\",\"itemListElement\":[{\"@type\":\"ListItem\",\"position\":1,\"name\":\"Strona g\u0142\u00f3wna\",\"item\":\"http:\/\/kopel.eu\/\"},{\"@type\":\"ListItem\",\"position\":2,\"name\":\"Szanowni Wyborcy!\"}]},{\"@type\":\"WebSite\",\"@id\":\"http:\/\/kopel.eu\/#website\",\"url\":\"http:\/\/kopel.eu\/\",\"name\":\"Marek Kopel\",\"description\":\"Marek Kopel, kandydat do Sejmu RP,\",\"potentialAction\":[{\"@type\":\"SearchAction\",\"target\":{\"@type\":\"EntryPoint\",\"urlTemplate\":\"http:\/\/kopel.eu\/?s={search_term_string}\"},\"query-input\":\"required name=search_term_string\"}],\"inLanguage\":\"pl-PL\"},{\"@type\":\"Person\",\"@id\":\"http:\/\/kopel.eu\/#\/schema\/person\/419fe9f9f9134aa63b4d5381905cc6a3\",\"name\":\"Dariusz Mierzwa\",\"image\":{\"@type\":\"ImageObject\",\"inLanguage\":\"pl-PL\",\"@id\":\"http:\/\/kopel.eu\/#\/schema\/person\/image\/\",\"url\":\"http:\/\/1.gravatar.com\/avatar\/111b8bb5e40b79f4fc2b741b3b5a9122?s=96&d=mm&r=g\",\"contentUrl\":\"http:\/\/1.gravatar.com\/avatar\/111b8bb5e40b79f4fc2b741b3b5a9122?s=96&d=mm&r=g\",\"caption\":\"Dariusz Mierzwa\"},\"sameAs\":[\"http:\/\/www.mierzwa.com.pl\"],\"url\":\"http:\/\/kopel.eu\/?author=2\"}]}<\/script>\n<!-- \/ Yoast SEO plugin. -->","yoast_head_json":{"title":"Szanowni Wyborcy! - Marek Kopel","robots":{"index":"index","follow":"follow","max-snippet":"max-snippet:-1","max-image-preview":"max-image-preview:large","max-video-preview":"max-video-preview:-1"},"canonical":"http:\/\/kopel.eu\/?p=328","og_locale":"pl_PL","og_type":"article","og_title":"Szanowni Wyborcy! - Marek Kopel","og_description":"Wszystkim, kt\u00f3rzy w niedziel\u0119 oddali g\u0142osy na naszych kandydat\u00f3w serdecznie dzi\u0119kujemy.\u00a0Dzi\u0119kujemy za poparcie, za g\u0142osy oraz za wszystkie spotkania i rozmowy w czasie kampanii wyborczej.","og_url":"http:\/\/kopel.eu\/?p=328","og_site_name":"Marek Kopel","article_published_time":"2014-11-17T17:10:44+00:00","article_modified_time":"2014-11-17T17:11:25+00:00","og_image":[{"width":882,"height":280,"url":"http:\/\/kopel.eu\/wp-content\/uploads\/2014\/09\/pierwszy.jpg","type":"image\/jpeg"}],"author":"Dariusz Mierzwa","twitter_card":"summary_large_image","twitter_misc":{"Napisane przez":"Dariusz Mierzwa"},"schema":{"@context":"https:\/\/schema.org","@graph":[{"@type":"WebPage","@id":"http:\/\/kopel.eu\/?p=328","url":"http:\/\/kopel.eu\/?p=328","name":"Szanowni Wyborcy! - Marek Kopel","isPartOf":{"@id":"http:\/\/kopel.eu\/#website"},"primaryImageOfPage":{"@id":"http:\/\/kopel.eu\/?p=328#primaryimage"},"image":{"@id":"http:\/\/kopel.eu\/?p=328#primaryimage"},"thumbnailUrl":"http:\/\/kopel.eu\/wp-content\/uploads\/2014\/09\/pierwszy.jpg","datePublished":"2014-11-17T17:10:44+00:00","dateModified":"2014-11-17T17:11:25+00:00","author":{"@id":"http:\/\/kopel.eu\/#\/schema\/person\/419fe9f9f9134aa63b4d5381905cc6a3"},"breadcrumb":{"@id":"http:\/\/kopel.eu\/?p=328#breadcrumb"},"inLanguage":"pl-PL","potentialAction":[{"@type":"ReadAction","target":["http:\/\/kopel.eu\/?p=328"]}]},{"@type":"ImageObject","inLanguage":"pl-PL","@id":"http:\/\/kopel.eu\/?p=328#primaryimage","url":"http:\/\/kopel.eu\/wp-content\/uploads\/2014\/09\/pierwszy.jpg","contentUrl":"http:\/\/kopel.eu\/wp-content\/uploads\/2014\/09\/pierwszy.jpg","width":882,"height":280},{"@type":"BreadcrumbList","@id":"http:\/\/kopel.eu\/?p=328#breadcrumb","itemListElement":[{"@type":"ListItem","position":1,"name":"Strona g\u0142\u00f3wna","item":"http:\/\/kopel.eu\/"},{"@type":"ListItem","position":2,"name":"Szanowni Wyborcy!"}]},{"@type":"WebSite","@id":"http:\/\/kopel.eu\/#website","url":"http:\/\/kopel.eu\/","name":"Marek Kopel","description":"Marek Kopel, kandydat do Sejmu RP,","potentialAction":[{"@type":"SearchAction","target":{"@type":"EntryPoint","urlTemplate":"http:\/\/kopel.eu\/?s={search_term_string}"},"query-input":"required name=search_term_string"}],"inLanguage":"pl-PL"},{"@type":"Person","@id":"http:\/\/kopel.eu\/#\/schema\/person\/419fe9f9f9134aa63b4d5381905cc6a3","name":"Dariusz Mierzwa","image":{"@type":"ImageObject","inLanguage":"pl-PL","@id":"http:\/\/kopel.eu\/#\/schema\/person\/image\/","url":"http:\/\/1.gravatar.com\/avatar\/111b8bb5e40b79f4fc2b741b3b5a9122?s=96&d=mm&r=g","contentUrl":"http:\/\/1.gravatar.com\/avatar\/111b8bb5e40b79f4fc2b741b3b5a9122?s=96&d=mm&r=g","caption":"Dariusz Mierzwa"},"sameAs":["http:\/\/www.mierzwa.com.pl"],"url":"http:\/\/kopel.eu\/?author=2"}]}},"_links":{"self":[{"href":"http:\/\/kopel.eu\/index.php?rest_route=\/wp\/v2\/posts\/328"}],"collection":[{"href":"http:\/\/kopel.eu\/index.php?rest_route=\/wp\/v2\/posts"}],"about":[{"href":"http:\/\/kopel.eu\/index.php?rest_route=\/wp\/v2\/types\/post"}],"author":[{"embeddable":true,"href":"http:\/\/kopel.eu\/index.php?rest_route=\/wp\/v2\/users\/2"}],"replies":[{"embeddable":true,"href":"http:\/\/kopel.eu\/index.php?rest_route=%2Fwp%2Fv2%2Fcomments&post=328"}],"version-history":[{"count":2,"href":"http:\/\/kopel.eu\/index.php?rest_route=\/wp\/v2\/posts\/328\/revisions"}],"predecessor-version":[{"id":330,"href":"http:\/\/kopel.eu\/index.php?rest_route=\/wp\/v2\/posts\/328\/revisions\/330"}],"wp:featuredmedia":[{"embeddable":true,"href":"http:\/\/kopel.eu\/index.php?rest_route=\/wp\/v2\/media\/184"}],"wp:attachment":[{"href":"http:\/\/kopel.eu\/index.php?rest_route=%2Fwp%2Fv2%2Fmedia&parent=328"}],"wp:term":[{"taxonomy":"category","embeddable":true,"href":"http:\/\/kopel.eu\/index.php?rest_route=%2Fwp%2Fv2%2Fcategories&post=328"},{"taxonomy":"post_tag","embeddable":true,"href":"http:\/\/kopel.eu\/index.php?rest_route=%2Fwp%2Fv2%2Ftags&post=328"}],"curies":[{"name":"wp","href":"https:\/\/api.w.org\/{rel}","templated":true}]}}